{"id":4925,"date":"2019-09-13T23:06:57","date_gmt":"2019-09-13T21:06:57","guid":{"rendered":"http:\/\/www.misterfrankenstein.com\/wordpress\/?p=4925"},"modified":"2019-09-14T08:59:20","modified_gmt":"2019-09-14T06:59:20","slug":"au-crepuscule-8-realismes","status":"publish","type":"post","link":"https:\/\/www.misterfrankenstein.com\/wordpress\/archives\/4925","title":{"rendered":"Au Cr\u00e9puscule #8 : r\u00e9alisme(s)"},"content":{"rendered":"\n<figure class=\"wp-block-image size-full\"><img loading=\"lazy\" decoding=\"async\" width=\"1177\" height=\"1589\" src=\"http:\/\/www.misterfrankenstein.com\/wordpress\/wp-content\/uploads\/2019\/09\/4515.jpg\" alt=\"\" class=\"wp-image-4926\" srcset=\"https:\/\/www.misterfrankenstein.com\/wordpress\/wp-content\/uploads\/2019\/09\/4515.jpg 1177w, https:\/\/www.misterfrankenstein.com\/wordpress\/wp-content\/uploads\/2019\/09\/4515-111x150.jpg 111w, https:\/\/www.misterfrankenstein.com\/wordpress\/wp-content\/uploads\/2019\/09\/4515-222x300.jpg 222w, https:\/\/www.misterfrankenstein.com\/wordpress\/wp-content\/uploads\/2019\/09\/4515-768x1037.jpg 768w, https:\/\/www.misterfrankenstein.com\/wordpress\/wp-content\/uploads\/2019\/09\/4515-500x675.jpg 500w\" sizes=\"auto, (max-width: 1177px) 100vw, 1177px\" \/><\/figure>\n\n\n\n<p class=\"wp-block-paragraph\">Ce n\u2019est pas parce que <strong>Au Cr\u00e9puscule<\/strong> est un roman <em>young adult<\/em>, de fantasy d\u00e9complex\u00e9e (<em>d\u2019urban fantasy<\/em> plus pr\u00e9cis\u00e9ment), aux personnages hauts en couleur et aux \u00e9v\u00e9nements surnaturels que le d\u00e9cor ne peut pas \u00eatre ancr\u00e9 dans la r\u00e9alit\u00e9. Au contraire, il me semble qu\u2019un contexte historique donne un vernis de cr\u00e9dibilit\u00e9 et met en valeur, par contraste, le fantastique d\u2019une histoire. <\/p>\n\n\n\n<p class=\"wp-block-paragraph\">Je ne suis pas persuad\u00e9 que \u00e7a ait toujours un int\u00e9r\u00eat de proc\u00e9der de la sorte mais plus le fond est r\u00e9aliste plus on est en droit d\u2019attendre que les personnages principaux le soient aussi, que les lois de la physique s\u2019appliquent pour eux aussi, quand bien m\u00eame ils affronteraient des dragons avec des pouvoirs magiques.<\/p>\n\n\n\n<p class=\"wp-block-paragraph\">\u00c0 mon sens, cette approche sert le propos de ce(s) roman(s). Quand, dans <strong>Presque Minuit<\/strong>, un personnage meurt, ce r\u00e9alisme de fond pousse \u00e0 croire qu\u2019il ne va pas \u00ab\u00a0magiquement\u00a0\u00bb revenir \u00e0 la vie. J\u2019y tiens et j\u2019y ai d\u2019autant plus veill\u00e9 car j\u2019estime (et c\u2019est encore un autre d\u00e9bat) que c\u2019est ce qui permet de se connecter aux personnages, d\u2019avoir peur pour eux, de se battre avec eux. Chaque danger est un vrai danger car le monde est \u00ab\u00a0r\u00e9el\u00a0\u00bb. Les personnages sont diff\u00e9rents de nous, mais ils ne nous sont pas \u201csup\u00e9rieurs\u201d.<\/p>\n\n\n\n<p class=\"wp-block-paragraph\">Je m\u2019\u00e9gare. J\u2019en reviens au r\u00e9alisme, \u00e0 ancrer le roman dans un d\u00e9cor historique. Pour <strong>Presque Minuit<\/strong>, c\u2019\u00e9tait \u201cfacile\u201d, c\u2019\u00e9tait l\u2019Exposition Universelle de Paris de 1889 qui donnait une couleur de fond \u00e0 l\u2019intrigue et une certaine \u201ctangibilit\u00e9\u201d au roman (le terme n\u2019est pas ad\u00e9quat mais soit vous m\u2019avez compris soit vous ne me m\u00e9ritez pas).<\/p>\n\n\n\n<p class=\"wp-block-paragraph\">Pour <strong>Au Cr\u00e9puscule<\/strong>, que je souhaitais situer entre 1892 et 1893 (pour que les h\u00e9ros soient plus \u00e2g\u00e9s), l\u2019\u00e9poque ne poss\u00e9dait pas le m\u00eame type d\u2019\u00e9v\u00e9nement c\u00e9l\u00e8bre et marquant pour asseoir la partie r\u00e9aliste du roman. J\u2019ai donc cherch\u00e9 quelque chose qui puisse varier du pr\u00e9c\u00e9dent et donner une teinte sp\u00e9cifique \u00e0 cette nouvelle histoire. <\/p>\n\n\n\n<p class=\"wp-block-paragraph\">Si j\u2019ai plac\u00e9 quelques rapides r\u00e9f\u00e9rences \u00e0 l\u2019\u00e9poque (gouvernement, mouvement anarchiste, syst\u00e8me scolaire), j\u2019ai surtout situ\u00e9 l\u2019histoire durant une p\u00e9riode connue pour avoir \u00e9t\u00e9 marqu\u00e9e par une vague de grand froid afin d\u2019obtenir cette ambiance diff\u00e9renciante, afin d\u2019obtenir quelques sc\u00e8nes sp\u00e9cifiques (du givre, de la glace, de la vapeur et de la neige). <\/p>\n\n\n\n<p class=\"wp-block-paragraph\">De la m\u00eame mani\u00e8re, la lune \u00e9tant au c\u0153ur de cet <strong>\u00c9thermonde<\/strong> (c\u2019est le nom que je donne au pack Presque Minuit + Au Cr\u00e9puscule) et le roman se d\u00e9roulant sur une p\u00e9riode notablement plus longue que <strong>Presque Minuit<\/strong>, j\u2019ai pouss\u00e9 le r\u00e9alisme \u00e0 respecter \u00e0 la lettre les cycles lunaires et \u00e0 les pr\u00e9ciser quand \u00e7a rev\u00eatait un int\u00e9r\u00eat descriptif (quand bien m\u00eame le roman n\u2019est pas un m\u00e9dium visuel) avec, par exemple, des sc\u00e8nes sous une pleine ou nouvelle lune quand le calendrier le permettait. <\/p>\n\n\n\n<p class=\"wp-block-paragraph\">C\u2019est du d\u00e9tail de d\u00e9tail mais \u00e7a m\u2019a permis de mettre en sc\u00e8ne des moments auxquels je n\u2019aurais pas forc\u00e9ment pens\u00e9 (la zone de confort est si&#8230; confortable), ce vernis de r\u00e9alisme permettant, je crois, de mettre en valeur les personnages et l\u2019histoire de <strong>Au Cr\u00e9puscule<\/strong>.<\/p>\n\n\n\n<p class=\"wp-block-paragraph\"><strong>Au Cr\u00e9puscule est disponible d\u00e8s \u00e0 pr\u00e9sent dans toutes les bonnes librairies. <\/strong><br><strong>350 pages, Grand format, 16\u20ac, chez 404 \u00e9ditions.<\/strong><\/p>\n\n\n\n<p class=\"wp-block-paragraph\"><\/p>\n","protected":false},"excerpt":{"rendered":"<p>Ce n\u2019est pas parce que Au Cr\u00e9puscule est un roman young adult, de fantasy d\u00e9complex\u00e9e (d\u2019urban fantasy plus pr\u00e9cis\u00e9ment), aux personnages hauts en couleur et aux \u00e9v\u00e9nements surnaturels que le d\u00e9cor ne peut pas \u00eatre ancr\u00e9 dans la r\u00e9alit\u00e9. Au&hellip; <a href=\"https:\/\/www.misterfrankenstein.com\/wordpress\/archives\/4925\" class=\"more-link\">Continuer la lecture <span class=\"meta-nav\">&rarr;<\/span><\/a><\/p>\n","protected":false},"author":1,"featured_media":0,"comment_status":"open","ping_status":"open","sticky":false,"template":"","format":"standard","meta":{"_crdt_document":"","footnotes":""},"categories":[322],"tags":[282,312,317,249,241,164],"class_list":["post-4925","post","type-post","status-publish","format-standard","hentry","category-ethermonde","tag-404-editions","tag-au-crepuscule","tag-gargouilles","tag-paris","tag-presque-minuit","tag-roman"],"_links":{"self":[{"href":"https:\/\/www.misterfrankenstein.com\/wordpress\/wp-json\/wp\/v2\/posts\/4925","targetHints":{"allow":["GET"]}}],"collection":[{"href":"https:\/\/www.misterfrankenstein.com\/wordpress\/wp-json\/wp\/v2\/posts"}],"about":[{"href":"https:\/\/www.misterfrankenstein.com\/wordpress\/wp-json\/wp\/v2\/types\/post"}],"author":[{"embeddable":true,"href":"https:\/\/www.misterfrankenstein.com\/wordpress\/wp-json\/wp\/v2\/users\/1"}],"replies":[{"embeddable":true,"href":"https:\/\/www.misterfrankenstein.com\/wordpress\/wp-json\/wp\/v2\/comments?post=4925"}],"version-history":[{"count":19,"href":"https:\/\/www.misterfrankenstein.com\/wordpress\/wp-json\/wp\/v2\/posts\/4925\/revisions"}],"predecessor-version":[{"id":4945,"href":"https:\/\/www.misterfrankenstein.com\/wordpress\/wp-json\/wp\/v2\/posts\/4925\/revisions\/4945"}],"wp:attachment":[{"href":"https:\/\/www.misterfrankenstein.com\/wordpress\/wp-json\/wp\/v2\/media?parent=4925"}],"wp:term":[{"taxonomy":"category","embeddable":true,"href":"https:\/\/www.misterfrankenstein.com\/wordpress\/wp-json\/wp\/v2\/categories?post=4925"},{"taxonomy":"post_tag","embeddable":true,"href":"https:\/\/www.misterfrankenstein.com\/wordpress\/wp-json\/wp\/v2\/tags?post=4925"}],"curies":[{"name":"wp","href":"https:\/\/api.w.org\/{rel}","templated":true}]}}